{"id":99,"date":"2020-07-25T14:09:00","date_gmt":"2020-07-25T17:09:00","guid":{"rendered":"https:\/\/coordinadoranomasafp.cl\/?p=99"},"modified":"2021-09-08T14:49:39","modified_gmt":"2021-09-08T17:49:39","slug":"declaracion-publica-de-la-coordinadora-noafp-por-la-aprobacion-del-10","status":"publish","type":"post","link":"https:\/\/coordinadoranomasafp.cl\/index.php\/2020\/07\/25\/declaracion-publica-de-la-coordinadora-noafp-por-la-aprobacion-del-10\/","title":{"rendered":"Declaraci\u00f3n P\u00fablica de la Coordinadora NO+AFP por la Aprobaci\u00f3n del 10%"},"content":{"rendered":"\n<p>Ayer en el Senado y hoy en\nla C\u00e1mara de Diputados, se ha concluido un triunfo hist\u00f3rico al aprobarse el\nretiro del 10% de los fondos previsionales desde las AFP, asest\u00e1ndole un duro\ngolpe a la elite pol\u00edtica y econ\u00f3mica del pa\u00eds que a trav\u00e9s de esta industria, ha\nhecho uso exclusivo de nuestros ahorros desde su creaci\u00f3n hace 39 a\u00f1os. Y lo\nm\u00e1s importante, hemos dado un paso m\u00e1s en el camino a recuperar un verdadero sistema previsional para\nel pa\u00eds.<\/p>\n\n\n\n<p>El debate y aprobaci\u00f3n en la C\u00e1mara de\ndiputados y en el Senado, seguido masivamente por la ciudadan\u00eda, ha ratificado\nlo que ha venido sosteniendo desde su creaci\u00f3n la Coordinadora Nacional de\nTrabajadoras y Trabajadores NO+ AFP, que el problema de fondo es el total\nfracaso de las AFP y que es &nbsp;urgente\navanzar al t\u00e9rmino del DL 3500 y construir un nuevo sistema previsional que\nentregue pensiones dignas a las y los trabajadores al llegar al final de su\nvida laboral. <\/p>\n\n\n\n<p>De nada, sirvi\u00f3 la ofensiva iniciada por\nel gobierno, las grandes empresas, la derecha y la prensa oficialista para\nrevertir la votaci\u00f3n, estos intentos no hicieron m\u00e1s que acentuar el rechazo y\nla crisis pol\u00edtica en la que est\u00e1n sumidos. Fueron derrotados por la presi\u00f3n\npopular que ya no se deja enga\u00f1ar por campa\u00f1as del terror, ni por la demagogia ni\nla desinformaci\u00f3n.<\/p>\n\n\n\n<p>El Proyecto de Ley alcanz\u00f3 amplia\naprobaci\u00f3n en el congreso, hoy ratificado con los votos de 116 diputados en el\n\u00faltimo tr\u00e1mite. La presi\u00f3n y decisi\u00f3n popular fue determinante. No prosperaron\nlos intentos de los defensores del modelo de poner trabas al avance hacia un sistema\nde pensiones basado en los principios de la seguridad social.<\/p>\n\n\n\n<p>Ahora, debemos seguir presionando para que\nel gobierno promulgue el Proyecto de Ley a la brevedad. Pretender vetarlo o\nrecurrir al Tribunal Constitucional y desconocer la voluntad popular y la\ndecisi\u00f3n ampliamente mayoritaria del congreso solo generar\u00e1 m\u00e1s ira y rechazo\ndel pueblo. Llamamos al presidente a actuar con responsabilidad.<\/p>\n\n\n\n<p>Pero tambi\u00e9n, debemos estar atentos porque\nparalelamente a la discusi\u00f3n de los proyectos de retiro del 10% y de derogaci\u00f3n\ndel DL 3500 que cre\u00f3 las AFP, persisten los intentos por sacar adelante la\nreforma de pensiones del gobierno, que mantiene intacto el negocio de las AFP. <\/p>\n\n\n\n<p>Ha quedado en evidencia una vez m\u00e1s que el\nfin de las AFP es cuesti\u00f3n de tiempo. El proceso constituyente instalado a\npartir del levantamiento de octubre ser\u00e1 un momento decisivo para ello y\nllamamos a elevar la movilizaci\u00f3n para asegurar su cumplimiento, dado los\nintentos de la elite gobernante por abortarlo.<\/p>\n\n\n\n<p>Si hemos llegado a este\npunto es producto del trabajo sostenido, dedicado y transversal que ha realizado\nla Coordinadora Nacional No+AFP en todo el pa\u00eds. Estamos convencidos de la\nvalidez de esta lucha, que la\nhistoria est\u00e1 de nuestra parte y que m\u00e1s temprano que tarde terminaremos con\nlas AFP.<\/p>\n\n\n\n<p><strong>Coordinadora\nNacional de Trabajadores y Trabajadoras NO+AFP<\/strong><\/p>\n\n\n\n<p>Santiago 23 de Julio de 2020<\/p>\n\n\n\n<figure class=\"wp-block-image\"><img decoding=\"async\" src=\"https:\/\/coordinadoranomasafp.cl\/wp-content\/uploads\/2020\/07\/ddfac6be-088a-45da-9b23-559566f5812d-1024x1024.jpg\" alt=\"\" class=\"wp-image-527\"\/><\/figure>\n","protected":false},"excerpt":{"rendered":"<p>yer en el Senado y hoy en la C\u00e1mara de Diputados, se ha concluido un triunfo hist\u00f3rico al aprobarse el retiro del 10% de los fondos previsionales desde las AFP, asest\u00e1ndole un duro golpe a la elite pol\u00edtica y econ\u00f3mica del pa\u00eds que a trav\u00e9s de esta industria, ha hecho uso exclusivo de nuestros ahorros desde su creaci\u00f3n hace 39 a\u00f1os. <\/p>\n","protected":false},"author":1,"featured_media":100,"comment_status":"open","ping_status":"open","sticky":false,"template":"","format":"standard","meta":{"footnotes":""},"categories":[2],"tags":[],"class_list":["post-99","post","type-post","status-publish","format-standard","has-post-thumbnail","hentry","category-declaracion-publica"],"_links":{"self":[{"href":"https:\/\/coordinadoranomasafp.cl\/index.php\/wp-json\/wp\/v2\/posts\/99","targetHints":{"allow":["GET"]}}],"collection":[{"href":"https:\/\/coordinadoranomasafp.cl\/index.php\/wp-json\/wp\/v2\/posts"}],"about":[{"href":"https:\/\/coordinadoranomasafp.cl\/index.php\/wp-json\/wp\/v2\/types\/post"}],"author":[{"embeddable":true,"href":"https:\/\/coordinadoranomasafp.cl\/index.php\/wp-json\/wp\/v2\/users\/1"}],"replies":[{"embeddable":true,"href":"https:\/\/coordinadoranomasafp.cl\/index.php\/wp-json\/wp\/v2\/comments?post=99"}],"version-history":[{"count":1,"href":"https:\/\/coordinadoranomasafp.cl\/index.php\/wp-json\/wp\/v2\/posts\/99\/revisions"}],"predecessor-version":[{"id":101,"href":"https:\/\/coordinadoranomasafp.cl\/index.php\/wp-json\/wp\/v2\/posts\/99\/revisions\/101"}],"wp:featuredmedia":[{"embeddable":true,"href":"https:\/\/coordinadoranomasafp.cl\/index.php\/wp-json\/wp\/v2\/media\/100"}],"wp:attachment":[{"href":"https:\/\/coordinadoranomasafp.cl\/index.php\/wp-json\/wp\/v2\/media?parent=99"}],"wp:term":[{"taxonomy":"category","embeddable":true,"href":"https:\/\/coordinadoranomasafp.cl\/index.php\/wp-json\/wp\/v2\/categories?post=99"},{"taxonomy":"post_tag","embeddable":true,"href":"https:\/\/coordinadoranomasafp.cl\/index.php\/wp-json\/wp\/v2\/tags?post=99"}],"curies":[{"name":"wp","href":"https:\/\/api.w.org\/{rel}","templated":true}]}}