{"id":687,"date":"2025-03-13T14:22:11","date_gmt":"2025-03-13T17:22:11","guid":{"rendered":"https:\/\/coordinadoranomasafp.cl\/?p=687"},"modified":"2025-03-13T16:39:41","modified_gmt":"2025-03-13T19:39:41","slug":"convocatoria-marcha-de-la-bronca-noafp","status":"publish","type":"post","link":"https:\/\/coordinadoranomasafp.cl\/index.php\/2025\/03\/13\/convocatoria-marcha-de-la-bronca-noafp\/","title":{"rendered":"Convocatoria Marcha de la Bronca NO+AFP"},"content":{"rendered":"\n<p>A fines de enero, las y los trabajadores recibimos un duro golpe con la aprobaci\u00f3n de una reforma de pensiones que no reforma, por el contrario, beneficia y fortalece a\u00fan m\u00e1s al sistema privado de capitalizaci\u00f3n individual, AFP, traspas\u00e1ndole un 45% m\u00e1s de recursos frescos para su administraci\u00f3n -Impensado hasta para el gobierno de Pi\u00f1era-, mientras, las pensiones mejorar\u00e1n marginalmente, principalmente con cargo al gasto p\u00fablico, manteni\u00e9ndose la mayor\u00eda de \u00e9stas muy por debajo del salario m\u00ednimo. Lo peor, proyecciones serias indican que quienes actualmente tienen 45 a\u00f1os y menos, tendr\u00e1n pensiones peores a las que hoy reciben los actuales pensionados.<\/p>\n\n\n\n<p>El sistema de AFP ha demostrado su ineficacia como sistema previsional en los 44 a\u00f1os que lleva en funcionamiento. El acuerdo al que lleg\u00f3 el gobierno con la derecha no es m\u00e1s que un respirador artificial al negocio de los privados con nuestras pensiones. El drama de las pensiones est\u00e1 lejos de terminar con este enga\u00f1o.<\/p>\n\n\n\n<p>Pero, dram\u00e1ticamente, los problemas no s\u00f3lo se presentan en las pensiones. Lejos de lo que se esperaba de un gobierno \u201cprogresista\u201d, durante los \u00faltimos a\u00f1os se han recrudecido los ataques a los derechos sociales. Fresco est\u00e1 el salvataje a las isapres que se concret\u00f3 a mediados de 2024, mientras los hospitales p\u00fablicos anunciaban el colapso por grave crisis financiera.<\/p>\n\n\n\n<p>En educaci\u00f3n, los Servicios Locales de Educaci\u00f3n P\u00fablica, SLEP, surgidos como soluci\u00f3n a la crisis de la educaci\u00f3n municipal, muestran sus falencias en todas las regiones, principalmente porque siguen funcionando bajo la l\u00f3gica del mercado.<br>Para qu\u00e9 decir la dram\u00e1tica situaci\u00f3n de los pobladores que encontraron soluciones a sus necesidades en las tomas de terrenos y que hoy ven peligrar sus vidas por los violentos desalojos que se est\u00e1n autorizando mediante el uso de la Ley de Usurpaciones, aprobada en el primer a\u00f1o de este gobierno.<\/p>\n\n\n\n<p>Son muchas las razones para sumarse a \u201cLa Marcha de la Bronca NO+AFP\u201d en todo el pa\u00eds.<\/p>\n\n\n\n<p>Bronca porque no importa quien gobierne, los derechos sociales siguen siendo mercantilizados.<\/p>\n\n\n\n<p>Bronca porque el abuso y el robo de cuello y corbata siempre queda impune.<\/p>\n\n\n\n<p>Por eso decimos: no m\u00e1s lucro con las Pensiones, con la Salud, la Vivienda y la Educaci\u00f3n.<\/p>\n\n\n\n<p>No m\u00e1s falsas promesas en los programas de Gobierno.<\/p>\n\n\n\n<p>La lucha por los derechos sociales solo se detiene cuando se conquistan.<\/p>\n\n\n\n<blockquote class=\"wp-block-quote is-layout-flow wp-block-quote-is-layout-flow\">\n<p><\/p>\n<\/blockquote>\n\n\n\n<p>S\u00famate a la \u201cMarcha de Bronca NO+AFP\u201d, 30 de marzo, a las 11:00hrs.<\/p>\n\n\n\n<p>En Santiago, salida desde el GAM<\/p>\n\n\n\n<p>S\u00famate a la convocatoria aqu\u00ed:<\/p>\n\n\n\n<p><a href=\"https:\/\/docs.google.com\/forms\/d\/e\/1FAIpQLSe09-QfOuD3OffhyH82P0Wa_IWcdq1VlUNaVfVb1g5YKrOpcw\/viewform?usp=sharing\">https:\/\/docs.google.com\/forms\/d\/e\/1FAIpQLSe09-QfOuD3OffhyH82P0Wa_IWcdq1VlUNaVfVb1g5YKrOpcw\/viewform?usp=sharing<\/a><\/p>\n\n\n\n<blockquote class=\"wp-block-quote is-layout-flow wp-block-quote-is-layout-flow\">\n<figure class=\"wp-block-image size-large\"><img loading=\"lazy\" decoding=\"async\" width=\"668\" height=\"1024\" src=\"https:\/\/coordinadoranomasafp.cl\/wp-content\/uploads\/2025\/03\/IMG_7266-668x1024.jpeg\" alt=\"\" class=\"wp-image-693\" srcset=\"https:\/\/coordinadoranomasafp.cl\/wp-content\/uploads\/2025\/03\/IMG_7266-668x1024.jpeg 668w, https:\/\/coordinadoranomasafp.cl\/wp-content\/uploads\/2025\/03\/IMG_7266-196x300.jpeg 196w, https:\/\/coordinadoranomasafp.cl\/wp-content\/uploads\/2025\/03\/IMG_7266-768x1177.jpeg 768w, https:\/\/coordinadoranomasafp.cl\/wp-content\/uploads\/2025\/03\/IMG_7266-1002x1536.jpeg 1002w, https:\/\/coordinadoranomasafp.cl\/wp-content\/uploads\/2025\/03\/IMG_7266.jpeg 1012w\" sizes=\"auto, (max-width: 668px) 100vw, 668px\" \/><\/figure>\n<\/blockquote>\n","protected":false},"excerpt":{"rendered":"<p>A fines de enero, las y los trabajadores recibimos un duro golpe con la aprobaci\u00f3n de una reforma de pensiones&#8230;<\/p>\n","protected":false},"author":1,"featured_media":688,"comment_status":"open","ping_status":"open","sticky":false,"template":"","format":"standard","meta":{"footnotes":""},"categories":[1],"tags":[],"class_list":["post-687","post","type-post","status-publish","format-standard","has-post-thumbnail","hentry","category-sin-categoria"],"_links":{"self":[{"href":"https:\/\/coordinadoranomasafp.cl\/index.php\/wp-json\/wp\/v2\/posts\/687","targetHints":{"allow":["GET"]}}],"collection":[{"href":"https:\/\/coordinadoranomasafp.cl\/index.php\/wp-json\/wp\/v2\/posts"}],"about":[{"href":"https:\/\/coordinadoranomasafp.cl\/index.php\/wp-json\/wp\/v2\/types\/post"}],"author":[{"embeddable":true,"href":"https:\/\/coordinadoranomasafp.cl\/index.php\/wp-json\/wp\/v2\/users\/1"}],"replies":[{"embeddable":true,"href":"https:\/\/coordinadoranomasafp.cl\/index.php\/wp-json\/wp\/v2\/comments?post=687"}],"version-history":[{"count":2,"href":"https:\/\/coordinadoranomasafp.cl\/index.php\/wp-json\/wp\/v2\/posts\/687\/revisions"}],"predecessor-version":[{"id":694,"href":"https:\/\/coordinadoranomasafp.cl\/index.php\/wp-json\/wp\/v2\/posts\/687\/revisions\/694"}],"wp:featuredmedia":[{"embeddable":true,"href":"https:\/\/coordinadoranomasafp.cl\/index.php\/wp-json\/wp\/v2\/media\/688"}],"wp:attachment":[{"href":"https:\/\/coordinadoranomasafp.cl\/index.php\/wp-json\/wp\/v2\/media?parent=687"}],"wp:term":[{"taxonomy":"category","embeddable":true,"href":"https:\/\/coordinadoranomasafp.cl\/index.php\/wp-json\/wp\/v2\/categories?post=687"},{"taxonomy":"post_tag","embeddable":true,"href":"https:\/\/coordinadoranomasafp.cl\/index.php\/wp-json\/wp\/v2\/tags?post=687"}],"curies":[{"name":"wp","href":"https:\/\/api.w.org\/{rel}","templated":true}]}}