{"id":663,"date":"2024-10-22T16:23:03","date_gmt":"2024-10-22T19:23:03","guid":{"rendered":"https:\/\/coordinadoranomasafp.cl\/?p=663"},"modified":"2024-10-22T16:40:05","modified_gmt":"2024-10-22T19:40:05","slug":"a-5-anos-de-la-revuelta-de-octubre","status":"publish","type":"post","link":"https:\/\/coordinadoranomasafp.cl\/index.php\/2024\/10\/22\/a-5-anos-de-la-revuelta-de-octubre\/","title":{"rendered":"A 5 A\u00d1OS DE LA REVUELTA DE OCTUBRE"},"content":{"rendered":"\n<p>Quienes suscribimos, formamos parte del movimiento social que hemos demandado durante a\u00f1os las reivindicaciones urgentes de la inmensa mayor\u00eda de los habitantes del pa\u00eds, como son pensiones, salud y educaci\u00f3n.<\/p>\n\n\n\n<p>A cinco a\u00f1os del estallido social, reivindicamos los motivos que llevaron a millones de ciudadanos y ciudadanas a impugnar un sistema y a una clase pol\u00edtica absolutamente alejada de las necesidades reales del pueblo. Fuimos millones que nos movilizamos sin violencia por un pa\u00eds m\u00e1s justo y que abogamos por cambios econ\u00f3micos, pol\u00edticos y sociales profundos. Rechazamos completamente la estrategia comunicacional que la derecha ha levantado para criminalizar la gigantesca movilizaci\u00f3n que el pueblo de Chile ha realizado despu\u00e9s de a\u00f1os de agotamiento por la corrupci\u00f3n e impunidad de la que han gozado los poderosos en nuestro pa\u00eds.<\/p>\n\n\n\n<p>Los intentos por reducir la revuelta de octubre a actos vand\u00e1licos no son m\u00e1s que intentos desesperados por distraer de lo sustantivo, cual es que a cinco a\u00f1os las demandas no solo siguen plenamente vigentes, sino que, muchas de ellas se han empeorado.<\/p>\n\n\n\n<p>Hace cinco a\u00f1os la movilizaci\u00f3n nacional estremeci\u00f3 las instituciones del Estado y las autoridades de la \u00e9poca manifestaron temor de que sus privilegios alcanzados por la v\u00eda del abuso terminaran siendo arrebatados. Reconocieron que eran responsables de la desigualdad y la injusticia, expresaron su disposici\u00f3n para corregir dichas injusticias y estuvieron dispuestos a realizar los cambios.<\/p>\n\n\n\n<p>Despu\u00e9s de cinco a\u00f1os, no solo han desconocido sus compromisos, sino que han desatado toda una ofensiva comunicacional que enrarece el ambiente y polariza a niveles extremos \u2013mucho m\u00e1s que en octubre\u2013, nuestra sociedad.<\/p>\n\n\n\n<p>La corrupci\u00f3n, la impunidad y la injusticia, no han cesado, por el contrario, se han incrementado groseramente en estos \u00faltimos cinco a\u00f1os. El descr\u00e9dito de la que gozan hoy en d\u00eda las instituciones del Estado y, en particular, los partidos pol\u00edticos y el Congreso Nacional, debiese ser raz\u00f3n m\u00e1s que suficiente para avanzar en transformaciones profundas, sin embargo, la soberbia y prepotencia pueden m\u00e1s.<\/p>\n\n\n\n<p>Quienes suscribimos nos sentimos herederos de esas grandes movilizaciones: de la lucha estudiantil (secundaria y universitaria); de la lucha que libraron millones de mujeres por sus derechos; de los millones de hombres, mujeres y j\u00f3venes que levantaron la demanda por NO+AFP; de la lucha de profesores y profesoras que hace m\u00e1s de una d\u00e9cada vienen exigiendo resolver la deuda hist\u00f3rica y restituir la condici\u00f3n de educaci\u00f3n p\u00fablica y de calidad; la demanda por una salud digna y oportuna para todas y todos, as\u00ed como por el derecho a una vivienda digna.<\/p>\n\n\n\n<p>Los discursos arrogantes de personajes corruptos que descalifican la lucha y la movilizaci\u00f3n social resultan indignantes, pues mientras los derechos de las mayor\u00edas permanezcan conculcados y la desigualdad contin\u00fae sin resolverse, nuestro compromiso por seguir luchando por ellos continuar\u00e1 y poco importan las bravatas de quienes se han mantenido en el poder por a\u00f1os sin dar respuestas a los y las ciudadanas de este pa\u00eds.<\/p>\n\n\n\n<p>En este 18 de octubre no olvidamos a Gustavo Gatica y a Fabiola Campillay cegados por la represi\u00f3n desmedida, y a quienes pagaron con su vida el haberse puesto de pie; a los miles de compatriotas que sufrieron injustamente el apremio, la c\u00e1rcel y la tortura por parte de las fuerzas policiales.<\/p>\n\n\n\n<p>Nuestro compromiso seguir\u00e1 vigente por restituir justicia social para nuestro pa\u00eds.<\/p>\n\n\n\n<p><strong>Paz Margarita Araya<\/strong>, Presidenta CONFEDEPRUS\u00a0\u00a0\u00a0\u00a0\u00a0\u00a0\u00a0\u00a0\u00a0\u00a0\u00a0\u00a0\u00a0\u00a0\u00a0\u00a0\u00a0\u00a0\u00a0\u00a0\u00a0\u00a0\u00a0\u00a0\u00a0\u00a0\u00a0\u00a0\u00a0\u00a0\u00a0\u00a0\u00a0\u00a0\u00a0\u00a0\u00a0\u00a0\u00a0\u00a0\u00a0\u00a0\u00a0\u00a0\u00a0\u00a0\u00a0\u00a0\u00a0\u00a0\u00a0\u00a0\u00a0\u00a0\u00a0\u00a0\u00a0\u00a0 \u00a0\u00a0\u00a0 <\/p>\n\n\n\n<p><strong>Mario Aguilar<\/strong>, Presidente Colegio de Profesoras y Profesores de Chile<\/p>\n\n\n\n<p><strong>Mesa Ejecutiva\u00a0 CONFECH\u00a0\u00a0\u00a0\u00a0\u00a0\u00a0\u00a0\u00a0\u00a0\u00a0\u00a0\u00a0\u00a0\u00a0\u00a0\u00a0\u00a0\u00a0\u00a0\u00a0\u00a0\u00a0\u00a0\u00a0\u00a0\u00a0\u00a0\u00a0\u00a0\u00a0\u00a0\u00a0\u00a0\u00a0\u00a0\u00a0\u00a0\u00a0\u00a0\u00a0\u00a0\u00a0\u00a0\u00a0\u00a0\u00a0\u00a0\u00a0\u00a0\u00a0\u00a0\u00a0\u00a0\u00a0\u00a0\u00a0 \u00a0\u00a0\u00a0\u00a0 <\/strong><\/p>\n\n\n\n<p><strong>Luis Mesina<\/strong>, Vocero Nacional Coordinadora Nacional, NO+AFP<\/p>\n\n\n\n<figure class=\"wp-block-image size-large is-resized\"><img loading=\"lazy\" decoding=\"async\" width=\"729\" height=\"1024\" src=\"https:\/\/coordinadoranomasafp.cl\/wp-content\/uploads\/2024\/10\/IMG_3552-729x1024.jpg\" alt=\"\" class=\"wp-image-669\" style=\"width:729px;height:auto\" srcset=\"https:\/\/coordinadoranomasafp.cl\/wp-content\/uploads\/2024\/10\/IMG_3552-729x1024.jpg 729w, https:\/\/coordinadoranomasafp.cl\/wp-content\/uploads\/2024\/10\/IMG_3552-214x300.jpg 214w, https:\/\/coordinadoranomasafp.cl\/wp-content\/uploads\/2024\/10\/IMG_3552-768x1079.jpg 768w, https:\/\/coordinadoranomasafp.cl\/wp-content\/uploads\/2024\/10\/IMG_3552.jpg 1087w\" sizes=\"auto, (max-width: 729px) 100vw, 729px\" \/><\/figure>\n\n\n\n<figure class=\"wp-block-image size-large\"><img loading=\"lazy\" decoding=\"async\" width=\"727\" height=\"1024\" src=\"https:\/\/coordinadoranomasafp.cl\/wp-content\/uploads\/2024\/10\/IMG_3553-727x1024.jpg\" alt=\"\" class=\"wp-image-670\" srcset=\"https:\/\/coordinadoranomasafp.cl\/wp-content\/uploads\/2024\/10\/IMG_3553-727x1024.jpg 727w, https:\/\/coordinadoranomasafp.cl\/wp-content\/uploads\/2024\/10\/IMG_3553-213x300.jpg 213w, https:\/\/coordinadoranomasafp.cl\/wp-content\/uploads\/2024\/10\/IMG_3553-768x1081.jpg 768w, https:\/\/coordinadoranomasafp.cl\/wp-content\/uploads\/2024\/10\/IMG_3553.jpg 1088w\" sizes=\"auto, (max-width: 727px) 100vw, 727px\" \/><\/figure>\n","protected":false},"excerpt":{"rendered":"<p>Quienes suscribimos, formamos parte del movimiento social que hemos demandado durante a\u00f1os las reivindicaciones urgentes de la inmensa mayor\u00eda de&#8230;<\/p>\n","protected":false},"author":1,"featured_media":673,"comment_status":"open","ping_status":"open","sticky":false,"template":"","format":"standard","meta":{"footnotes":""},"categories":[1],"tags":[],"class_list":["post-663","post","type-post","status-publish","format-standard","has-post-thumbnail","hentry","category-sin-categoria"],"_links":{"self":[{"href":"https:\/\/coordinadoranomasafp.cl\/index.php\/wp-json\/wp\/v2\/posts\/663","targetHints":{"allow":["GET"]}}],"collection":[{"href":"https:\/\/coordinadoranomasafp.cl\/index.php\/wp-json\/wp\/v2\/posts"}],"about":[{"href":"https:\/\/coordinadoranomasafp.cl\/index.php\/wp-json\/wp\/v2\/types\/post"}],"author":[{"embeddable":true,"href":"https:\/\/coordinadoranomasafp.cl\/index.php\/wp-json\/wp\/v2\/users\/1"}],"replies":[{"embeddable":true,"href":"https:\/\/coordinadoranomasafp.cl\/index.php\/wp-json\/wp\/v2\/comments?post=663"}],"version-history":[{"count":1,"href":"https:\/\/coordinadoranomasafp.cl\/index.php\/wp-json\/wp\/v2\/posts\/663\/revisions"}],"predecessor-version":[{"id":671,"href":"https:\/\/coordinadoranomasafp.cl\/index.php\/wp-json\/wp\/v2\/posts\/663\/revisions\/671"}],"wp:featuredmedia":[{"embeddable":true,"href":"https:\/\/coordinadoranomasafp.cl\/index.php\/wp-json\/wp\/v2\/media\/673"}],"wp:attachment":[{"href":"https:\/\/coordinadoranomasafp.cl\/index.php\/wp-json\/wp\/v2\/media?parent=663"}],"wp:term":[{"taxonomy":"category","embeddable":true,"href":"https:\/\/coordinadoranomasafp.cl\/index.php\/wp-json\/wp\/v2\/categories?post=663"},{"taxonomy":"post_tag","embeddable":true,"href":"https:\/\/coordinadoranomasafp.cl\/index.php\/wp-json\/wp\/v2\/tags?post=663"}],"curies":[{"name":"wp","href":"https:\/\/api.w.org\/{rel}","templated":true}]}}