{"id":165,"date":"2021-09-08T22:09:26","date_gmt":"2021-09-09T01:09:26","guid":{"rendered":"https:\/\/coordinadoranomasafp.cl\/?p=165"},"modified":"2021-09-09T10:17:16","modified_gmt":"2021-09-09T13:17:16","slug":"noafp-ofrece-taller-sobre-seguridad-social-y-prevision-a-constituyentes","status":"publish","type":"post","link":"https:\/\/coordinadoranomasafp.cl\/index.php\/2021\/09\/08\/noafp-ofrece-taller-sobre-seguridad-social-y-prevision-a-constituyentes\/","title":{"rendered":"NO+AFP ofrece Taller sobre Seguridad Social y Previsi\u00f3n a Constituyentes"},"content":{"rendered":"\n<p>Con la participaci\u00f3n de m\u00e1s de 50 constituyentes y varios asesores, incluyendo algunos en representaci\u00f3n de delegados que no pudieron asistir, se realiz\u00f3 el Taller: \u201cSeguridad Social, Trabajo y Sistemas Previsionales\u201d, en dos jornadas, durante los d\u00edas martes 22 y 29 de junio, instancia organizada por la Coordinadora Nacional de Trabajadoras y Trabajadores NO+AFP, con la colaboraci\u00f3n de Fundaci\u00f3n Sol y de la acad\u00e9mica Ver\u00f3nica Munilla, doctora en derecho y especialista en Seguridad&nbsp;social, para entregar a las y los constituyentes electos y a los miembros de sus equipos, elementos te\u00f3ricos y antecedentes concretos sobre c\u00f3mo funcionan los sistemas previsionales en el mundo.<\/p>\n\n\n\n<p>Estuvieron presentes delegados a la constituyente de todo el pa\u00eds y de las distintas listas que se presentaron a las elecciones, tanto independientes como de partidos, incluyendo varios de esca\u00f1os reservados, como Luis Jim\u00e9nez del pueblo aymara, Eric Chinga del pueblo diaguita y Natividad Llanquileo del pueblo mapuche, demostrando la relevancia que concita este tema en la discusi\u00f3n constitucional y del nuevo Chile que se quiere construir.<\/p>\n\n\n\n<p>Estas jornadas partieron con el saludo de bienvenida de Sandra Mar\u00edn, vocera nacional de la Coordinadora, presidenta tambi\u00e9n de Anef de la Araucan\u00eda, y quien tuvo la responsabilidad de ser el hilo conductor de la actividad.<\/p>\n\n\n\n<p>Expusieron en este taller Luis Mesina, vocero nacional de NO+AFP quien abord\u00f3 la importancia pol\u00edtica de terminar con un sistema de ahorro obligatorio que solo ha servido para aumentar la desigualdad y entregar recursos frescos a la industria extractivista y al mercado de capitales. Mesina sostuvo que <strong>no se podr\u00eda entender una nueva constituci\u00f3n si se deja intacto el sistema de capitalizaci\u00f3n individual.<\/strong><\/p>\n\n\n\n<p>La doctora en Derecho, Ver\u00f3nica Munilla, explic\u00f3 de manera muy clara y pedag\u00f3gica, la importancia de la Seguridad Social en el mundo, los principios en los que se funda y c\u00f3mo funciona su implementaci\u00f3n. La acad\u00e9mica se\u00f1al\u00f3 que Chile no cuenta con sistema de Seguridad Social. Mientras que en la segunda jornada abord\u00f3 el tema: trabajo, mujer y las trampas de la constituci\u00f3n.<\/p>\n\n\n\n<p>Por su parte, el economista Marco Kremerman, explic\u00f3 los 8 mitos con los que la \u00e9lite pol\u00edtica y econ\u00f3mica de Chile defiende la existencia de las AFP, entregando argumentos contundentes a las cl\u00e1sicas sentencias que esgrimen los defensores del sistema. Abordando en la jornada del martes 29 de junio, los principios m\u00e1s relevantes en los que se basa nuestra propuesta previsional destacando sus acabados c\u00e1lculos actuariales, que garantizan su sustentabilidad hasta fin de siglo.<\/p>\n\n\n\n<p>Propuesta que se hizo p\u00fablica el 2016, pero que se viene actualizando y ajust\u00e1ndose cada a\u00f1o, contando incluso, con un modelamiento actuarial realizado por los profesionales de la Fundaci\u00f3n Sol. Cabe se\u00f1alar que esta propuesta es la \u00fanica totalmente terminada y pensada para pagar pensiones dignas y seg\u00fan tasa de reemplazo hasta el 2100, por lo que conocer en qu\u00e9 consiste, como recauda y se financia, as\u00ed como en qu\u00e9 se invierte el fondo de reserva t\u00e9cnico, les permitir\u00e1 tener un punto de comparaci\u00f3n en esta discusi\u00f3n.<\/p>\n\n\n\n<p>Tras las exposiciones se dio espacio para preguntas y comentarios de las y los asistentes. Junto con sacar las dudas, agradecieron la instancia y varios hicieron referencia a la larga lucha que ha dado la Coordinadora Nacional NO+AFP y a la perseverancia y consistencia en instalar esta demanda.<\/p>\n\n\n\n<div class=\"wp-block-image\"><figure class=\"aligncenter size-large is-resized\"><img loading=\"lazy\" decoding=\"async\" src=\"https:\/\/coordinadoranomasafp.cl\/wp-content\/uploads\/2021\/09\/Taller-constituyentes-1-1024x640.png\" alt=\"\" class=\"wp-image-169\" width=\"584\" height=\"365\" srcset=\"https:\/\/coordinadoranomasafp.cl\/wp-content\/uploads\/2021\/09\/Taller-constituyentes-1-1024x640.png 1024w, https:\/\/coordinadoranomasafp.cl\/wp-content\/uploads\/2021\/09\/Taller-constituyentes-1-300x188.png 300w, https:\/\/coordinadoranomasafp.cl\/wp-content\/uploads\/2021\/09\/Taller-constituyentes-1-768x480.png 768w, https:\/\/coordinadoranomasafp.cl\/wp-content\/uploads\/2021\/09\/Taller-constituyentes-1.png 1280w\" sizes=\"auto, (max-width: 584px) 100vw, 584px\" \/><\/figure><\/div>\n","protected":false},"excerpt":{"rendered":"<p>Con la participaci\u00f3n de m\u00e1s de 50 constituyentes y varios asesores, incluyendo algunos en representaci\u00f3n de delegados que no pudieron asistir, se realiz\u00f3 el Taller: \u201cSeguridad Social, Trabajo y Sistemas Previsionales\u201d, en dos jornadas, durante los d\u00edas martes 22 y 29 de junio.<\/p>\n","protected":false},"author":1,"featured_media":166,"comment_status":"open","ping_status":"open","sticky":false,"template":"","format":"standard","meta":{"footnotes":""},"categories":[1],"tags":[],"class_list":["post-165","post","type-post","status-publish","format-standard","has-post-thumbnail","hentry","category-sin-categoria"],"_links":{"self":[{"href":"https:\/\/coordinadoranomasafp.cl\/index.php\/wp-json\/wp\/v2\/posts\/165","targetHints":{"allow":["GET"]}}],"collection":[{"href":"https:\/\/coordinadoranomasafp.cl\/index.php\/wp-json\/wp\/v2\/posts"}],"about":[{"href":"https:\/\/coordinadoranomasafp.cl\/index.php\/wp-json\/wp\/v2\/types\/post"}],"author":[{"embeddable":true,"href":"https:\/\/coordinadoranomasafp.cl\/index.php\/wp-json\/wp\/v2\/users\/1"}],"replies":[{"embeddable":true,"href":"https:\/\/coordinadoranomasafp.cl\/index.php\/wp-json\/wp\/v2\/comments?post=165"}],"version-history":[{"count":4,"href":"https:\/\/coordinadoranomasafp.cl\/index.php\/wp-json\/wp\/v2\/posts\/165\/revisions"}],"predecessor-version":[{"id":174,"href":"https:\/\/coordinadoranomasafp.cl\/index.php\/wp-json\/wp\/v2\/posts\/165\/revisions\/174"}],"wp:featuredmedia":[{"embeddable":true,"href":"https:\/\/coordinadoranomasafp.cl\/index.php\/wp-json\/wp\/v2\/media\/166"}],"wp:attachment":[{"href":"https:\/\/coordinadoranomasafp.cl\/index.php\/wp-json\/wp\/v2\/media?parent=165"}],"wp:term":[{"taxonomy":"category","embeddable":true,"href":"https:\/\/coordinadoranomasafp.cl\/index.php\/wp-json\/wp\/v2\/categories?post=165"},{"taxonomy":"post_tag","embeddable":true,"href":"https:\/\/coordinadoranomasafp.cl\/index.php\/wp-json\/wp\/v2\/tags?post=165"}],"curies":[{"name":"wp","href":"https:\/\/api.w.org\/{rel}","templated":true}]}}